{"id":14898,"date":"2026-04-23T12:06:31","date_gmt":"2026-04-23T10:06:31","guid":{"rendered":"https:\/\/www.domaine-locguenole.com\/?p=14898"},"modified":"2026-04-23T14:31:30","modified_gmt":"2026-04-23T12:31:30","slug":"seminaire-entreprise-bretagne","status":"publish","type":"post","link":"https:\/\/www.domaine-locguenole.com\/en\/seminaire-entreprise-bretagne\/","title":{"rendered":"S\u00e9minaire d\u2019entreprise en Bretagne : vivre un temps fort d\u2019\u00e9quipe au Domaine de Locgu\u00e9nol\u00e9"},"content":{"rendered":"<div data-elementor-type=\"wp-post\" data-elementor-id=\"14898\" class=\"elementor elementor-14898\" data-elementor-post-type=\"post\">\n\t\t\t\t<div class=\"elementor-element elementor-element-72f9566e e-flex e-con-boxed e-con e-parent\" data-id=\"72f9566e\" data-element_type=\"container\" data-e-type=\"container\">\n\t\t\t\t\t<div class=\"e-con-inner\">\n\t\t\t\t<div class=\"elementor-element elementor-element-45ba8d10 elementor-widget elementor-widget-text-editor\" data-id=\"45ba8d10\" data-element_type=\"widget\" data-e-type=\"widget\" data-widget_type=\"text-editor.default\">\n\t\t\t\t<div class=\"elementor-widget-container\">\n\t\t\t\t\t\t\t\t\t<h2>Pourquoi organiser un s\u00e9minaire d\u2019entreprise en Bretagne change-t-il vraiment la dynamique d\u2019une \u00e9quipe ?<\/h2><p><span style=\"font-weight: 400;\">Choisir la Bretagne pour un <\/span><b>company seminar<\/b><span style=\"font-weight: 400;\">, c\u2019est offrir aux \u00e9quipes un cadre d\u00e9paysant, stimulant et propice au collectif.<\/span><\/p><h3>Un environnement qui favorise \u00e0 la fois la concentration et la respiration<\/h3><p><span style=\"font-weight: 400;\">Loin des automatismes du bureau, un environnement naturel aide \u00e0 recentrer l\u2019attention et \u00e0 redonner de la qualit\u00e9 aux \u00e9changes. Le rythme ralentit, les sollicitations diminuent, et chacun se rend plus disponible. Cette respiration favorise des r\u00e9unions plus productives, mais aussi une meilleure \u00e9coute entre collaborateurs.<\/span><\/p><h3>La Bretagne Sud, un d\u00e9cor inspirant pour sortir du cadre sans rompre avec l\u2019exigence professionnelle<\/h3><p><span style=\"font-weight: 400;\">Entre littoral, v\u00e9g\u00e9tation et lumi\u00e8re changeante, la Bretagne Sud cr\u00e9e un d\u00e9cor qui stimule les id\u00e9es sans disperser les \u00e9quipes. Ce changement d\u2019atmosph\u00e8re aide \u00e0 prendre de la hauteur sur les sujets strat\u00e9giques. Il permet aussi d\u2019ancrer le s\u00e9minaire dans une exp\u00e9rience plus marquante qu\u2019une simple r\u00e9union d\u00e9localis\u00e9e.<\/span><\/p><h3><span style=\"font-weight: 400;\">Cr\u00e9er un s\u00e9minaire plus engageant gr\u00e2ce \u00e0 l\u2019exp\u00e9rience du lieu<\/span><\/h3><p><span style=\"font-weight: 400;\">Un s\u00e9minaire prend une autre dimension lorsque le lieu participe pleinement \u00e0 l\u2019exp\u00e9rience v\u00e9cue. Le cadre influence l\u2019humeur, la disponibilit\u00e9 et la qualit\u00e9 des interactions. En Bretagne, l\u2019\u00e9quilibre entre nature, \u00e9l\u00e9gance et d\u00e9connexion cr\u00e9e des conditions favorables \u00e0 l\u2019engagement, \u00e0 la coh\u00e9sion et \u00e0 la m\u00e9morisation du moment partag\u00e9.<\/span><\/p>\t\t\t\t\t\t\t\t<\/div>\n\t\t\t\t<\/div>\n\t\t\t\t<div class=\"elementor-element elementor-element-6703888 elementor-widget elementor-widget-image\" data-id=\"6703888\" data-element_type=\"widget\" data-e-type=\"widget\" data-widget_type=\"image.default\">\n\t\t\t\t<div class=\"elementor-widget-container\">\n\t\t\t\t\t\t\t\t\t\t\t\t<figure class=\"wp-caption\">\n\t\t\t\t\t\t\t\t\t\t<img fetchpriority=\"high\" decoding=\"async\" width=\"800\" height=\"534\" src=\"https:\/\/www.domaine-locguenole.com\/wp-content\/uploads\/2024\/09\/seminaires_domaine_locguenole_christophe_lepotier-6-1024x683.jpg\" class=\"attachment-large size-large wp-image-13154\" alt=\"L&#039;orangerie le lieu id\u00e9al pour vos r\u00e9unions en bretagne dans un h\u00f4tel 5 \u00e9toiles\" srcset=\"https:\/\/www.domaine-locguenole.com\/wp-content\/uploads\/2024\/09\/seminaires_domaine_locguenole_christophe_lepotier-6-1024x683.jpg 1024w, https:\/\/www.domaine-locguenole.com\/wp-content\/uploads\/2024\/09\/seminaires_domaine_locguenole_christophe_lepotier-6-300x200.jpg 300w, https:\/\/www.domaine-locguenole.com\/wp-content\/uploads\/2024\/09\/seminaires_domaine_locguenole_christophe_lepotier-6-768x512.jpg 768w, https:\/\/www.domaine-locguenole.com\/wp-content\/uploads\/2024\/09\/seminaires_domaine_locguenole_christophe_lepotier-6-1536x1024.jpg 1536w, https:\/\/www.domaine-locguenole.com\/wp-content\/uploads\/2024\/09\/seminaires_domaine_locguenole_christophe_lepotier-6-2048x1366.jpg 2048w, https:\/\/www.domaine-locguenole.com\/wp-content\/uploads\/2024\/09\/seminaires_domaine_locguenole_christophe_lepotier-6-18x12.jpg 18w\" sizes=\"(max-width: 800px) 100vw, 800px\" \/>\t\t\t\t\t\t\t\t\t\t\t<figcaption class=\"widget-image-caption wp-caption-text\"><\/figcaption>\n\t\t\t\t\t\t\t\t\t\t<\/figure>\n\t\t\t\t\t\t\t\t\t<\/div>\n\t\t\t\t<\/div>\n\t\t\t\t<div class=\"elementor-element elementor-element-639bc5f elementor-widget elementor-widget-text-editor\" data-id=\"639bc5f\" data-element_type=\"widget\" data-e-type=\"widget\" data-widget_type=\"text-editor.default\">\n\t\t\t\t<div class=\"elementor-widget-container\">\n\t\t\t\t\t\t\t\t\t<h2><span style=\"font-weight: 400;\">O\u00f9 organiser un s\u00e9minaire entreprise en Bretagne pour conjuguer prestige, nature et efficacit\u00e9 ?<\/span><\/h2><p><span style=\"font-weight: 400;\">Pour un <a href=\"https:\/\/www.domaine-locguenole.com\/en\/seminars-events-reception-hall-morbihan\/professionals-seminar-brittany\/\">s\u00e9minaire d\u2019entreprise en Bretagne<\/a>, le lieu id\u00e9al r\u00e9unit impact visuel, s\u00e9r\u00e9nit\u00e9, accessibilit\u00e9 et conditions de travail r\u00e9ellement adapt\u00e9es.<\/span><\/p><h3><span style=\"font-weight: 400;\">Un domaine entre terre, mer et ria pour marquer les esprits<\/span><\/h3><p><span style=\"font-weight: 400;\">\u00c0 Locgu\u00e9nol\u00e9, l\u2019environnement joue imm\u00e9diatement son r\u00f4le : un vaste parc bois\u00e9, la proximit\u00e9 de la ria du Blavet et une atmosph\u00e8re \u00e0 la fois \u00e9l\u00e9gante et apaisante. Ce type de cadre donne plus de relief \u00e0 l\u2019\u00e9v\u00e9nement, tout en cr\u00e9ant une rupture nette avec le quotidien professionnel.<\/span><\/p><h3><span style=\"font-weight: 400;\">Pourquoi le Morbihan s\u00e9duit les entreprises en qu\u00eate d\u2019un s\u00e9minaire premium<\/span><\/h3><p><span style=\"font-weight: 400;\">Le Morbihan attire par son \u00e9quilibre rare entre d\u00e9paysement et praticit\u00e9. La pr\u00e9sence du littoral, des espaces naturels et d\u2019un art de vivre affirm\u00e9 permet d\u2019inscrire un \u00e9v\u00e9nement professionnel dans une exp\u00e9rience plus inspirante. Pour les entreprises, c\u2019est une destination qui valorise le temps collectif sans renoncer \u00e0 l\u2019exigence.<\/span><\/p><h3><span style=\"font-weight: 400;\">Un lieu pens\u00e9 pour accueillir aussi bien les comit\u00e9s de direction que les rassemblements plus larges<\/span><\/h3><p><span style=\"font-weight: 400;\">Locgu\u00e9nol\u00e9 s\u2019adapte \u00e0 des formats vari\u00e9s gr\u00e2ce \u00e0 <\/span><b>plusieurs espaces de r\u00e9union<\/b><span style=\"font-weight: 400;\"> et de r\u00e9ception, des salles plus confidentielles aux volumes plus g\u00e9n\u00e9reux. Cette souplesse permet d\u2019envisager aussi bien un comit\u00e9 restreint qu\u2019un s\u00e9minaire d\u2019entreprise plus ample, dans une m\u00eame logique de confort et de coh\u00e9rence.<\/span><\/p>\t\t\t\t\t\t\t\t<\/div>\n\t\t\t\t<\/div>\n\t\t\t\t<div class=\"elementor-element elementor-element-6191772 elementor-widget elementor-widget-image\" data-id=\"6191772\" data-element_type=\"widget\" data-e-type=\"widget\" data-widget_type=\"image.default\">\n\t\t\t\t<div class=\"elementor-widget-container\">\n\t\t\t\t\t\t\t\t\t\t\t\t<figure class=\"wp-caption\">\n\t\t\t\t\t\t\t\t\t\t<img decoding=\"async\" width=\"800\" height=\"534\" src=\"https:\/\/www.domaine-locguenole.com\/wp-content\/uploads\/2024\/09\/seminaires_domaine_locguenole_christophe_lepotier-7-1024x683.jpg\" class=\"attachment-large size-large wp-image-13153\" alt=\"Un s\u00e9minaire \u00e0 l&#039;Orangerie au Domaine de Locgu\u00e9nol\u00e9 en Bretagne\" srcset=\"https:\/\/www.domaine-locguenole.com\/wp-content\/uploads\/2024\/09\/seminaires_domaine_locguenole_christophe_lepotier-7-1024x683.jpg 1024w, https:\/\/www.domaine-locguenole.com\/wp-content\/uploads\/2024\/09\/seminaires_domaine_locguenole_christophe_lepotier-7-300x200.jpg 300w, https:\/\/www.domaine-locguenole.com\/wp-content\/uploads\/2024\/09\/seminaires_domaine_locguenole_christophe_lepotier-7-768x512.jpg 768w, https:\/\/www.domaine-locguenole.com\/wp-content\/uploads\/2024\/09\/seminaires_domaine_locguenole_christophe_lepotier-7-1536x1024.jpg 1536w, https:\/\/www.domaine-locguenole.com\/wp-content\/uploads\/2024\/09\/seminaires_domaine_locguenole_christophe_lepotier-7-2048x1366.jpg 2048w, https:\/\/www.domaine-locguenole.com\/wp-content\/uploads\/2024\/09\/seminaires_domaine_locguenole_christophe_lepotier-7-18x12.jpg 18w\" sizes=\"(max-width: 800px) 100vw, 800px\" \/>\t\t\t\t\t\t\t\t\t\t\t<figcaption class=\"widget-image-caption wp-caption-text\"><\/figcaption>\n\t\t\t\t\t\t\t\t\t\t<\/figure>\n\t\t\t\t\t\t\t\t\t<\/div>\n\t\t\t\t<\/div>\n\t\t\t\t<div class=\"elementor-element elementor-element-790c922 elementor-widget elementor-widget-text-editor\" data-id=\"790c922\" data-element_type=\"widget\" data-e-type=\"widget\" data-widget_type=\"text-editor.default\">\n\t\t\t\t<div class=\"elementor-widget-container\">\n\t\t\t\t\t\t\t\t\t<h2><span style=\"font-weight: 400;\">Qu\u2019est-ce qui fait de Locgu\u00e9nol\u00e9 une adresse pertinente pour un s\u00e9minaire en Bretagne ?<\/span><\/h2><p><span style=\"font-weight: 400;\">Locgu\u00e9nol\u00e9 r\u00e9unit cadre de caract\u00e8re, espaces adapt\u00e9s et accompagnement d\u00e9di\u00e9, avec une approche pens\u00e9e pour les r\u00e9unions, s\u00e9minaires et \u00e9v\u00e9nements professionnels.<\/span><\/p><h3><span style=\"font-weight: 400;\">Un cadre de caract\u00e8re pour donner plus de port\u00e9e \u00e0 votre \u00e9v\u00e9nement professionnel<\/span><\/h3><p><span style=\"font-weight: 400;\">Le domaine inscrit les temps de travail dans un environnement \u00e0 la fois \u00e9l\u00e9gant, verdoyant et structurant. Cette atmosph\u00e8re aide \u00e0 sortir du quotidien tout en maintenant un haut niveau d\u2019exigence, ce qui donne davantage d\u2019impact aux \u00e9changes, aux prises de parole et aux temps collectifs.<\/span><\/p><h3><span style=\"font-weight: 400;\">Des espaces adapt\u00e9s aux diff\u00e9rents temps du s\u00e9minaire<\/span><\/h3><p><span style=\"font-weight: 400;\">Locgu\u00e9nol\u00e9 dispose de deux salles de r\u00e9ception, L\u2019Orangerie de 150 m\u00b2 et le Jardin d\u2019Hiver de 100 m\u00b2, et peut <\/span><b>accueillir jusqu\u2019\u00e0 250 personnes<\/b><span style=\"font-weight: 400;\"> en format cocktail. Les salles de r\u00e9union sont pr\u00e9sent\u00e9es comme \u00e9quip\u00e9es et ajustables selon la taille des groupes, ce qui permet d\u2019envisager plusieurs configurations de travail.<\/span><\/p><h3><span style=\"font-weight: 400;\">L\u2019alliance du travail, de l\u2019hospitalit\u00e9 et de la convivialit\u00e9<\/span><\/h3><p><span style=\"font-weight: 400;\">L\u2019accompagnement repose sur un interlocuteur unique, avec des \u00e9v\u00e9nements con\u00e7us sur mesure selon les objectifs de l\u2019entreprise. \u00c0 cela s\u2019ajoute une restauration pr\u00e9par\u00e9e sur place, orchestr\u00e9e par le chef Yann Maget, Meilleur Ouvrier de France 2023, ce qui renforce la coh\u00e9rence et la qualit\u00e9 de l\u2019exp\u00e9rience.<\/span><\/p>\t\t\t\t\t\t\t\t<\/div>\n\t\t\t\t<\/div>\n\t\t\t\t<div class=\"elementor-element elementor-element-6860327 elementor-widget elementor-widget-text-editor\" data-id=\"6860327\" data-element_type=\"widget\" data-e-type=\"widget\" data-widget_type=\"text-editor.default\">\n\t\t\t\t<div class=\"elementor-widget-container\">\n\t\t\t\t\t\t\t\t\t<h2><span style=\"font-weight: 400;\">Quels formats de s\u00e9minaires d\u2019entreprise peut-on imaginer en Bretagne ?<\/span><\/h2><p><span style=\"font-weight: 400;\">En Bretagne, les entreprises peuvent construire des formats souples, du rendez-vous resserr\u00e9 \u00e0 l\u2019exp\u00e9rience r\u00e9sidentielle pens\u00e9e pour prolonger les \u00e9changes.<\/span><\/p><h3><span style=\"font-weight: 400;\">La journ\u00e9e d\u2019\u00e9tude pour aller \u00e0 l\u2019essentiel<\/span><\/h3><p><span style=\"font-weight: 400;\">La journ\u00e9e d\u2019\u00e9tude convient aux \u00e9quipes qui veulent concentrer r\u00e9unions, ateliers et repas sur un temps court, sans complexifier l\u2019organisation. \u00c0 Locgu\u00e9nol\u00e9, cette formule est bien identifi\u00e9e, avec salle \u00e9quip\u00e9e, pauses et d\u00e9jeuner, dans une logique d\u2019efficacit\u00e9 imm\u00e9diate.<\/span><\/p><h3><span style=\"font-weight: 400;\">Le s\u00e9minaire r\u00e9sidentiel pour prolonger les \u00e9changes<\/span><\/h3><p><span style=\"font-weight: 400;\">Le format r\u00e9sidentiel permet d\u2019\u00e9tendre le s\u00e9minaire sur plusieurs temps, en associant travail, d\u00eener, nuit sur place et reprise le lendemain. Cette configuration favorise des \u00e9changes plus approfondis et une exp\u00e9rience plus immersive, avec h\u00e9bergement r\u00e9parti entre diff\u00e9rentes b\u00e2tisses du domaine.<\/span><\/p><h3><span style=\"font-weight: 400;\">Le comit\u00e9 de direction ou le CODIR dans un cadre plus confidentiel<\/span><\/h3><p><span style=\"font-weight: 400;\">Pour un <\/span><b>CODIR<\/b><span style=\"font-weight: 400;\"> ou une r\u00e9union strat\u00e9gique, les formats plus confidentiels restent particuli\u00e8rement pertinents. \u00c0 Locgu\u00e9nol\u00e9, nous disposons de plusieurs salons et salles de tailles vari\u00e9es, adapt\u00e9s aux petits groupes, aux ateliers en sous-commission et aux prises de d\u00e9cision dans un cadre plus calme.<\/span><\/p>\t\t\t\t\t\t\t\t<\/div>\n\t\t\t\t<\/div>\n\t\t\t\t<div class=\"elementor-element elementor-element-44821de elementor-widget elementor-widget-image\" data-id=\"44821de\" data-element_type=\"widget\" data-e-type=\"widget\" data-widget_type=\"image.default\">\n\t\t\t\t<div class=\"elementor-widget-container\">\n\t\t\t\t\t\t\t\t\t\t\t\t\t\t\t<img decoding=\"async\" width=\"800\" height=\"534\" src=\"https:\/\/www.domaine-locguenole.com\/wp-content\/uploads\/2024\/07\/piscine_chateau_manoir_orangerie_domaine_locguenole_bretagne_hotel_luxe_christophe_lepotier-1024x683.jpg\" class=\"attachment-large size-large wp-image-12996\" alt=\"piscine du domaine de Locgu\u00e9nol\u00e9\" srcset=\"https:\/\/www.domaine-locguenole.com\/wp-content\/uploads\/2024\/07\/piscine_chateau_manoir_orangerie_domaine_locguenole_bretagne_hotel_luxe_christophe_lepotier-1024x683.jpg 1024w, https:\/\/www.domaine-locguenole.com\/wp-content\/uploads\/2024\/07\/piscine_chateau_manoir_orangerie_domaine_locguenole_bretagne_hotel_luxe_christophe_lepotier-300x200.jpg 300w, https:\/\/www.domaine-locguenole.com\/wp-content\/uploads\/2024\/07\/piscine_chateau_manoir_orangerie_domaine_locguenole_bretagne_hotel_luxe_christophe_lepotier-768x512.jpg 768w, https:\/\/www.domaine-locguenole.com\/wp-content\/uploads\/2024\/07\/piscine_chateau_manoir_orangerie_domaine_locguenole_bretagne_hotel_luxe_christophe_lepotier-1536x1024.jpg 1536w, https:\/\/www.domaine-locguenole.com\/wp-content\/uploads\/2024\/07\/piscine_chateau_manoir_orangerie_domaine_locguenole_bretagne_hotel_luxe_christophe_lepotier-2048x1366.jpg 2048w, https:\/\/www.domaine-locguenole.com\/wp-content\/uploads\/2024\/07\/piscine_chateau_manoir_orangerie_domaine_locguenole_bretagne_hotel_luxe_christophe_lepotier-18x12.jpg 18w\" sizes=\"(max-width: 800px) 100vw, 800px\" \/>\t\t\t\t\t\t\t\t\t\t\t\t\t\t\t<\/div>\n\t\t\t\t<\/div>\n\t\t\t\t<div class=\"elementor-element elementor-element-943de5a elementor-widget elementor-widget-text-editor\" data-id=\"943de5a\" data-element_type=\"widget\" data-e-type=\"widget\" data-widget_type=\"text-editor.default\">\n\t\t\t\t<div class=\"elementor-widget-container\">\n\t\t\t\t\t\t\t\t\t<h2><span style=\"font-weight: 400;\">Comment construire un s\u00e9minaire entreprise en Bretagne \u00e0 la fois fluide, inspirant et productif ?<\/span><\/h2>\n<h3><span style=\"font-weight: 400;\">Alterner r\u00e9unions, pauses et respiration pour maintenir l\u2019attention<\/span><\/h3>\n<p><span style=\"font-weight: 400;\">Nous concevons des journ\u00e9es rythm\u00e9es autour d\u2019une salle \u00e9quip\u00e9e, de pauses caf\u00e9 et d\u2019un d\u00e9jeuner, afin de maintenir l\u2019\u00e9nergie du groupe sans alourdir le programme. Cette alternance cr\u00e9e un tempo plus efficace, o\u00f9 les temps de concentration restent soutenus et les moments de respiration trouvent naturellement leur place.<\/span><\/p>\n<h3><span style=\"font-weight: 400;\">Soigner les temps informels pour renforcer les liens<\/span><\/h3>\n<p><span style=\"font-weight: 400;\">Les \u00e9changes les plus utiles ne naissent pas toujours autour d\u2019une table de r\u00e9union. Les pauses gourmandes et les cocktails peuvent se tenir dans les espaces int\u00e9rieurs ou dans le parc bois\u00e9, ce qui favorise des conversations plus spontan\u00e9es, une meilleure circulation entre les participants et une coh\u00e9sion plus naturelle.<\/span><\/p>\n<h3><span style=\"font-weight: 400;\">Faire de la restauration et du service des leviers d\u2019exp\u00e9rience<\/span><\/h3>\n<p><span style=\"font-weight: 400;\">La qualit\u00e9 d\u2019un s\u00e9minaire tient aussi \u00e0 l\u2019attention port\u00e9e aux repas et \u00e0 l\u2019accompagnement. Un interlocuteur unique coordonne l\u2019ensemble, tandis que la restauration sur place permet de prolonger les \u00e9changes dans un cadre fluide, coh\u00e9rent et r\u00e9ellement agr\u00e9able pour les \u00e9quipes.<\/span><\/p>\t\t\t\t\t\t\t\t<\/div>\n\t\t\t\t<\/div>\n\t\t\t\t<div class=\"elementor-element elementor-element-5432e66 elementor-widget elementor-widget-text-editor\" data-id=\"5432e66\" data-element_type=\"widget\" data-e-type=\"widget\" data-widget_type=\"text-editor.default\">\n\t\t\t\t<div class=\"elementor-widget-container\">\n\t\t\t\t\t\t\t\t\t<h2><span style=\"font-weight: 400;\">Pourquoi choisir un s\u00e9minaire r\u00e9sidentiel en Bretagne pour renforcer la coh\u00e9sion ?<\/span><\/h2><h3><span style=\"font-weight: 400;\">Rester sur place pour prolonger les \u00e9changes utiles<\/span><\/h3><p><span style=\"font-weight: 400;\">Le <\/span><b>s\u00e9minaire r\u00e9sidentiel<\/b><span style=\"font-weight: 400;\"> permet de faire durer les \u00e9changes au-del\u00e0 des sessions de travail. Sur place, les \u00e9quipes peuvent \u00eatre r\u00e9parties entre plusieurs univers d\u2019h\u00e9bergement, avec 13 chambres au Ch\u00e2teau, 13 au Manoir, 11 au Club et 7 \u00e0 l\u2019Orangerie, ce qui facilite l\u2019accueil de groupes dans un m\u00eame domaine.<\/span><\/p><h3><span style=\"font-weight: 400;\">Donner plus de profondeur aux ateliers, prises de parole et moments collectifs<\/span><\/h3><p><span style=\"font-weight: 400;\">En restant une nuit ou davantage, les collaborateurs vivent le s\u00e9minaire sur un rythme plus fluide, sans rupture logistique entre les temps forts. Cette continuit\u00e9 favorise des discussions plus pos\u00e9es, des ateliers mieux men\u00e9s et des moments informels plus riches, port\u00e9s par des espaces aux identit\u00e9s distinctes et compl\u00e9mentaires.<\/span><\/p><h3><span style=\"font-weight: 400;\">Transformer une r\u00e9union en exp\u00e9rience m\u00e9morable<\/span><\/h3><p><span style=\"font-weight: 400;\">L\u2019exp\u00e9rience r\u00e9sidentielle prend une autre dimension gr\u00e2ce aux prestations qui prolongent le confort du s\u00e9jour : piscine ext\u00e9rieure et terrasse, 25 hectares de for\u00eat, room service disponible 24h\/24, petit-d\u00e9jeuner buffet et acc\u00e8s direct aux jardins depuis certaines chambres. Le s\u00e9minaire devient alors un vrai moment partag\u00e9, pas seulement un rendez-vous professionnel.<\/span><\/p>\t\t\t\t\t\t\t\t<\/div>\n\t\t\t\t<\/div>\n\t\t\t\t<div class=\"elementor-element elementor-element-c2243ab elementor-align-center btn-reserver  elementor-widget elementor-widget-button\" data-id=\"c2243ab\" data-element_type=\"widget\" data-e-type=\"widget\" data-widget_type=\"button.default\">\n\t\t\t\t<div class=\"elementor-widget-container\">\n\t\t\t\t\t\t\t\t\t<div class=\"elementor-button-wrapper\">\n\t\t\t\t\t<a class=\"elementor-button elementor-button-link elementor-size-sm\" href=\"#resagroupcorner\">\n\t\t\t\t\t\t<span class=\"elementor-button-content-wrapper\">\n\t\t\t\t\t\t\t\t\t<span class=\"elementor-button-text\">Book<\/span>\n\t\t\t\t\t<\/span>\n\t\t\t\t\t<\/a>\n\t\t\t\t<\/div>\n\t\t\t\t\t\t\t\t<\/div>\n\t\t\t\t<\/div>\n\t\t\t\t<div class=\"elementor-element elementor-element-9a8b840 elementor-widget elementor-widget-text-editor\" data-id=\"9a8b840\" data-element_type=\"widget\" data-e-type=\"widget\" data-widget_type=\"text-editor.default\">\n\t\t\t\t<div class=\"elementor-widget-container\">\n\t\t\t\t\t\t\t\t\t<h2><span style=\"font-weight: 400;\">FAQ \u2013 Tout savoir avant d\u2019organiser un s\u00e9minaire d\u2019entreprise en Bretagne<\/span><\/h2><p>Organiser un s\u00e9minaire en Bretagne soul\u00e8ve des questions concr\u00e8tes sur le lieu, le format, l\u2019exp\u00e9rience et les conditions d\u2019engagement.<\/p>\t\t\t\t\t\t\t\t<\/div>\n\t\t\t\t<\/div>\n\t\t\t\t<div class=\"elementor-element elementor-element-bbd63e8 elementor-widget elementor-widget-n-accordion\" data-id=\"bbd63e8\" data-element_type=\"widget\" data-e-type=\"widget\" data-settings=\"{&quot;default_state&quot;:&quot;expanded&quot;,&quot;max_items_expended&quot;:&quot;one&quot;,&quot;n_accordion_animation_duration&quot;:{&quot;unit&quot;:&quot;ms&quot;,&quot;size&quot;:400,&quot;sizes&quot;:[]}}\" data-widget_type=\"nested-accordion.default\">\n\t\t\t\t<div class=\"elementor-widget-container\">\n\t\t\t\t\t\t\t<div class=\"e-n-accordion\" aria-label=\"Accordion. Open links with Enter or Space, close with Escape, and navigate with Arrow Keys\">\n\t\t\t\t\t\t<details id=\"e-n-accordion-item-1960\" class=\"e-n-accordion-item\" open>\n\t\t\t\t<summary class=\"e-n-accordion-item-title\" data-accordion-index=\"1\" tabindex=\"0\" aria-expanded=\"true\" aria-controls=\"e-n-accordion-item-1960\" >\n\t\t\t\t\t<span class='e-n-accordion-item-title-header'><h3 class=\"e-n-accordion-item-title-text\"> Pourquoi le Morbihan est-il adapt\u00e9 aux \u00e9v\u00e9nements d\u2019entreprise ? <\/h3><\/span>\n\t\t\t\t\t\t\t<span class='e-n-accordion-item-title-icon'>\n\t\t\t<span class='e-opened' ><i aria-hidden=\"true\" class=\"fas fa-minus\"><\/i><\/span>\n\t\t\t<span class='e-closed'><i aria-hidden=\"true\" class=\"fas fa-plus\"><\/i><\/span>\n\t\t<\/span>\n\n\t\t\t\t\t\t<\/summary>\n\t\t\t\t<div role=\"region\" aria-labelledby=\"e-n-accordion-item-1960\" class=\"elementor-element elementor-element-d93a025 e-con-full e-flex e-con e-child\" data-id=\"d93a025\" data-element_type=\"container\" data-e-type=\"container\">\n\t\t\t\t<div class=\"elementor-element elementor-element-911a661 elementor-widget elementor-widget-text-editor\" data-id=\"911a661\" data-element_type=\"widget\" data-e-type=\"widget\" data-widget_type=\"text-editor.default\">\n\t\t\t\t<div class=\"elementor-widget-container\">\n\t\t\t\t\t\t\t\t\t<p><span style=\"font-weight: 400;\">Le Morbihan offre un \u00e9quilibre particuli\u00e8rement int\u00e9ressant pour un s\u00e9minaire d\u2019entreprise : un environnement d\u00e9paysant, une forte identit\u00e9 de destination et un cadre naturel qui favorise la respiration. Dans ce contexte, Locgu\u00e9nol\u00e9 b\u00e9n\u00e9ficie d\u2019une implantation qui associe parc, ria et atmosph\u00e8re paisible. Cela permet d\u2019organiser un \u00e9v\u00e9nement professionnel dans un lieu inspirant, sans renoncer au confort ni \u00e0 la qualit\u00e9 d\u2019accueil.<\/span><\/p>\t\t\t\t\t\t\t\t<\/div>\n\t\t\t\t<\/div>\n\t\t\t\t<\/div>\n\t\t\t\t\t<\/details>\n\t\t\t\t\t\t<details id=\"e-n-accordion-item-1961\" class=\"e-n-accordion-item\" >\n\t\t\t\t<summary class=\"e-n-accordion-item-title\" data-accordion-index=\"2\" tabindex=\"-1\" aria-expanded=\"false\" aria-controls=\"e-n-accordion-item-1961\" >\n\t\t\t\t\t<span class='e-n-accordion-item-title-header'><h3 class=\"e-n-accordion-item-title-text\"> Quel format de s\u00e9minaire choisir pour une \u00e9quipe ? <\/h3><\/span>\n\t\t\t\t\t\t\t<span class='e-n-accordion-item-title-icon'>\n\t\t\t<span class='e-opened' ><i aria-hidden=\"true\" class=\"fas fa-minus\"><\/i><\/span>\n\t\t\t<span class='e-closed'><i aria-hidden=\"true\" class=\"fas fa-plus\"><\/i><\/span>\n\t\t<\/span>\n\n\t\t\t\t\t\t<\/summary>\n\t\t\t\t<div role=\"region\" aria-labelledby=\"e-n-accordion-item-1961\" class=\"elementor-element elementor-element-9c3bdcf e-con-full e-flex e-con e-child\" data-id=\"9c3bdcf\" data-element_type=\"container\" data-e-type=\"container\">\n\t\t\t\t<div class=\"elementor-element elementor-element-1bf4d8f elementor-widget elementor-widget-text-editor\" data-id=\"1bf4d8f\" data-element_type=\"widget\" data-e-type=\"widget\" data-widget_type=\"text-editor.default\">\n\t\t\t\t<div class=\"elementor-widget-container\">\n\t\t\t\t\t\t\t\t\t<p><span style=\"font-weight: 400;\">Le bon format d\u00e9pend de vos objectifs, de la taille du groupe et du temps disponible. Une journ\u00e9e d\u2019\u00e9tude convient \u00e0 un besoin cibl\u00e9 et op\u00e9rationnel. Un s\u00e9minaire r\u00e9sidentiel favorise davantage la coh\u00e9sion et l\u2019approfondissement. Pour un comit\u00e9 restreint, un format plus confidentiel peut aussi mieux servir la d\u00e9cision.<\/span><\/p>\t\t\t\t\t\t\t\t<\/div>\n\t\t\t\t<\/div>\n\t\t\t\t<\/div>\n\t\t\t\t\t<\/details>\n\t\t\t\t\t\t<details id=\"e-n-accordion-item-1962\" class=\"e-n-accordion-item\" >\n\t\t\t\t<summary class=\"e-n-accordion-item-title\" data-accordion-index=\"3\" tabindex=\"-1\" aria-expanded=\"false\" aria-controls=\"e-n-accordion-item-1962\" >\n\t\t\t\t\t<span class='e-n-accordion-item-title-header'><h3 class=\"e-n-accordion-item-title-text\"> Quelle est la diff\u00e9rence entre une journ\u00e9e d\u2019\u00e9tude et un s\u00e9minaire r\u00e9sidentiel ? <\/h3><\/span>\n\t\t\t\t\t\t\t<span class='e-n-accordion-item-title-icon'>\n\t\t\t<span class='e-opened' ><i aria-hidden=\"true\" class=\"fas fa-minus\"><\/i><\/span>\n\t\t\t<span class='e-closed'><i aria-hidden=\"true\" class=\"fas fa-plus\"><\/i><\/span>\n\t\t<\/span>\n\n\t\t\t\t\t\t<\/summary>\n\t\t\t\t<div role=\"region\" aria-labelledby=\"e-n-accordion-item-1962\" class=\"elementor-element elementor-element-962468a e-con-full e-flex e-con e-child\" data-id=\"962468a\" data-element_type=\"container\" data-e-type=\"container\">\n\t\t\t\t<div class=\"elementor-element elementor-element-35125bd elementor-widget elementor-widget-text-editor\" data-id=\"35125bd\" data-element_type=\"widget\" data-e-type=\"widget\" data-widget_type=\"text-editor.default\">\n\t\t\t\t<div class=\"elementor-widget-container\">\n\t\t\t\t\t\t\t\t\t<p><span style=\"font-weight: 400;\">La journ\u00e9e d\u2019\u00e9tude concentre les temps de r\u00e9union, les pauses et le d\u00e9jeuner sur une seule journ\u00e9e, dans une logique d\u2019efficacit\u00e9 imm\u00e9diate. Le s\u00e9minaire r\u00e9sidentiel prolonge l\u2019exp\u00e9rience avec le d\u00eener, l\u2019h\u00e9bergement sur place et la possibilit\u00e9 de reprendre le programme le lendemain. \u00c0 Locgu\u00e9nol\u00e9, cela permet de r\u00e9partir les \u00e9quipes dans les diff\u00e9rentes maisons du domaine et de donner plus de place aux \u00e9changes informels.<\/span><\/p>\t\t\t\t\t\t\t\t<\/div>\n\t\t\t\t<\/div>\n\t\t\t\t<\/div>\n\t\t\t\t\t<\/details>\n\t\t\t\t\t\t<details id=\"e-n-accordion-item-1963\" class=\"e-n-accordion-item\" >\n\t\t\t\t<summary class=\"e-n-accordion-item-title\" data-accordion-index=\"4\" tabindex=\"-1\" aria-expanded=\"false\" aria-controls=\"e-n-accordion-item-1963\" >\n\t\t\t\t\t<span class='e-n-accordion-item-title-header'><h3 class=\"e-n-accordion-item-title-text\"> Comment choisir un lieu de s\u00e9minaire haut de gamme en Bretagne ? <\/h3><\/span>\n\t\t\t\t\t\t\t<span class='e-n-accordion-item-title-icon'>\n\t\t\t<span class='e-opened' ><i aria-hidden=\"true\" class=\"fas fa-minus\"><\/i><\/span>\n\t\t\t<span class='e-closed'><i aria-hidden=\"true\" class=\"fas fa-plus\"><\/i><\/span>\n\t\t<\/span>\n\n\t\t\t\t\t\t<\/summary>\n\t\t\t\t<div role=\"region\" aria-labelledby=\"e-n-accordion-item-1963\" class=\"elementor-element elementor-element-f40879c e-flex e-con-boxed e-con e-child\" data-id=\"f40879c\" data-element_type=\"container\" data-e-type=\"container\">\n\t\t\t\t\t<div class=\"e-con-inner\">\n\t\t\t\t<div class=\"elementor-element elementor-element-3d2584d elementor-widget elementor-widget-text-editor\" data-id=\"3d2584d\" data-element_type=\"widget\" data-e-type=\"widget\" data-widget_type=\"text-editor.default\">\n\t\t\t\t<div class=\"elementor-widget-container\">\n\t\t\t\t\t\t\t\t\t<p><span style=\"font-weight: 400;\">Un lieu de s\u00e9minaire haut de gamme se choisit d\u2019abord pour sa capacit\u00e9 \u00e0 conjuguer cadre, confort et fonctionnalit\u00e9. \u00c0 Locgu\u00e9nol\u00e9, cette exigence passe par un domaine de caract\u00e8re, un parc bois\u00e9, des espaces de r\u00e9union adapt\u00e9s \u00e0 plusieurs formats et une restauration pr\u00e9par\u00e9e sur place. Le bon lieu ne doit pas seulement impressionner : il doit aussi fluidifier l\u2019organisation et valoriser l\u2019exp\u00e9rience v\u00e9cue par les participants.<\/span><\/p>\t\t\t\t\t\t\t\t<\/div>\n\t\t\t\t<\/div>\n\t\t\t\t\t<\/div>\n\t\t\t\t<\/div>\n\t\t\t\t\t<\/details>\n\t\t\t\t\t\t<details id=\"e-n-accordion-item-1964\" class=\"e-n-accordion-item\" >\n\t\t\t\t<summary class=\"e-n-accordion-item-title\" data-accordion-index=\"5\" tabindex=\"-1\" aria-expanded=\"false\" aria-controls=\"e-n-accordion-item-1964\" >\n\t\t\t\t\t<span class='e-n-accordion-item-title-header'><h3 class=\"e-n-accordion-item-title-text\"> De quels \u00e9quipements Locgu\u00e9nol\u00e9 dispose-t-il pour un s\u00e9minaire d\u2019entreprise ? <\/h3><\/span>\n\t\t\t\t\t\t\t<span class='e-n-accordion-item-title-icon'>\n\t\t\t<span class='e-opened' ><i aria-hidden=\"true\" class=\"fas fa-minus\"><\/i><\/span>\n\t\t\t<span class='e-closed'><i aria-hidden=\"true\" class=\"fas fa-plus\"><\/i><\/span>\n\t\t<\/span>\n\n\t\t\t\t\t\t<\/summary>\n\t\t\t\t<div role=\"region\" aria-labelledby=\"e-n-accordion-item-1964\" class=\"elementor-element elementor-element-5a8d29c e-flex e-con-boxed e-con e-child\" data-id=\"5a8d29c\" data-element_type=\"container\" data-e-type=\"container\">\n\t\t\t\t\t<div class=\"e-con-inner\">\n\t\t\t\t<div class=\"elementor-element elementor-element-29ab450 elementor-widget elementor-widget-text-editor\" data-id=\"29ab450\" data-element_type=\"widget\" data-e-type=\"widget\" data-widget_type=\"text-editor.default\">\n\t\t\t\t<div class=\"elementor-widget-container\">\n\t\t\t\t\t\t\t\t\t<p><span style=\"font-weight: 400;\">Locgu\u00e9nol\u00e9 dispose d\u2019espaces pens\u00e9s pour les \u00e9v\u00e9nements professionnels, avec des salles de r\u00e9union \u00e9quip\u00e9es et modulables selon la taille du groupe et le format du s\u00e9minaire. Le domaine propose aussi deux grands espaces de r\u00e9ception, L\u2019Orangerie de 150 m\u00b2 et le Jardin d\u2019Hiver de 100 m\u00b2, utiles pour des temps collectifs, des cocktails ou des configurations plus \u00e9v\u00e9nementielles. \u00c0 cela s\u2019ajoutent les \u00e9quipements n\u00e9cessaires au bon d\u00e9roulement d\u2019une journ\u00e9e d\u2019\u00e9tude, avec pauses caf\u00e9, d\u00e9jeuner sur place et accompagnement d\u00e9di\u00e9, afin de construire un s\u00e9minaire fluide, confortable et coh\u00e9rent du d\u00e9but \u00e0 la fin.<\/span><\/p>\t\t\t\t\t\t\t\t<\/div>\n\t\t\t\t<\/div>\n\t\t\t\t\t<\/div>\n\t\t\t\t<\/div>\n\t\t\t\t\t<\/details>\n\t\t\t\t\t<\/div>\n\t\t\t\t\t\t<\/div>\n\t\t\t\t<\/div>\n\t\t\t\t\t<\/div>\n\t\t\t\t<\/div>\n\t\t\t\t<\/div>","protected":false},"excerpt":{"rendered":"<p>Pourquoi organiser un s\u00e9minaire d\u2019entreprise en Bretagne change-t-il vraiment la dynamique d\u2019une \u00e9quipe ? Choisir la Bretagne pour un s\u00e9minaire d\u2019entreprise, c\u2019est offrir aux \u00e9quipes un cadre d\u00e9paysant, stimulant et propice au collectif. Un environnement qui favorise \u00e0 la fois la concentration et la respiration Loin des automatismes du bureau, un environnement naturel aide \u00e0 [&hellip;]<\/p>\n","protected":false},"author":11,"featured_media":11812,"comment_status":"closed","ping_status":"closed","sticky":false,"template":"","format":"standard","meta":{"_acf_changed":false,"inline_featured_image":false,"footnotes":""},"categories":[25],"tags":[],"class_list":["post-14898","post","type-post","status-publish","format-standard","has-post-thumbnail","hentry","category-actualites"],"acf":[],"_links":{"self":[{"href":"https:\/\/www.domaine-locguenole.com\/en\/wp-json\/wp\/v2\/posts\/14898","targetHints":{"allow":["GET"]}}],"collection":[{"href":"https:\/\/www.domaine-locguenole.com\/en\/wp-json\/wp\/v2\/posts"}],"about":[{"href":"https:\/\/www.domaine-locguenole.com\/en\/wp-json\/wp\/v2\/types\/post"}],"author":[{"embeddable":true,"href":"https:\/\/www.domaine-locguenole.com\/en\/wp-json\/wp\/v2\/users\/11"}],"replies":[{"embeddable":true,"href":"https:\/\/www.domaine-locguenole.com\/en\/wp-json\/wp\/v2\/comments?post=14898"}],"version-history":[{"count":13,"href":"https:\/\/www.domaine-locguenole.com\/en\/wp-json\/wp\/v2\/posts\/14898\/revisions"}],"predecessor-version":[{"id":14916,"href":"https:\/\/www.domaine-locguenole.com\/en\/wp-json\/wp\/v2\/posts\/14898\/revisions\/14916"}],"wp:featuredmedia":[{"embeddable":true,"href":"https:\/\/www.domaine-locguenole.com\/en\/wp-json\/wp\/v2\/media\/11812"}],"wp:attachment":[{"href":"https:\/\/www.domaine-locguenole.com\/en\/wp-json\/wp\/v2\/media?parent=14898"}],"wp:term":[{"taxonomy":"category","embeddable":true,"href":"https:\/\/www.domaine-locguenole.com\/en\/wp-json\/wp\/v2\/categories?post=14898"},{"taxonomy":"post_tag","embeddable":true,"href":"https:\/\/www.domaine-locguenole.com\/en\/wp-json\/wp\/v2\/tags?post=14898"}],"curies":[{"name":"wp","href":"https:\/\/api.w.org\/{rel}","templated":true}]}}